{"id":26929,"date":"2025-12-01T15:00:00","date_gmt":"2025-12-01T14:00:00","guid":{"rendered":"https:\/\/www.werner-wohnbau.de\/?post_type=nachrichten&#038;p=26929"},"modified":"2025-12-01T15:22:11","modified_gmt":"2025-12-01T14:22:11","slug":"neubau-in-berg-weiler-startet-in-den-verkauf","status":"publish","type":"nachrichten","link":"https:\/\/www.werner-wohnbau.de\/en\/nachrichten\/neubau-in-berg-weiler-startet-in-den-verkauf\/","title":{"rendered":"Neubau in Berg-Weiler startet in den Verkauf"},"content":{"rendered":"\n<p>13 Reihenh\u00e4user und zwei Doppelhaush\u00e4lften im energieeffizienten KfW-55-Standard mit Wohlf\u00fchlfaktor.<\/p>\n\n\n\n<p><\/p>\n","protected":false},"featured_media":26930,"template":"","class_list":["post-26929","nachrichten","type-nachrichten","status-publish","has-post-thumbnail","hentry"],"acf":[],"_links":{"self":[{"href":"https:\/\/www.werner-wohnbau.de\/en\/wp-json\/wp\/v2\/nachrichten\/26929","targetHints":{"allow":["GET"]}}],"collection":[{"href":"https:\/\/www.werner-wohnbau.de\/en\/wp-json\/wp\/v2\/nachrichten"}],"about":[{"href":"https:\/\/www.werner-wohnbau.de\/en\/wp-json\/wp\/v2\/types\/nachrichten"}],"wp:featuredmedia":[{"embeddable":true,"href":"https:\/\/www.werner-wohnbau.de\/en\/wp-json\/wp\/v2\/media\/26930"}],"wp:attachment":[{"href":"https:\/\/www.werner-wohnbau.de\/en\/wp-json\/wp\/v2\/media?parent=26929"}],"curies":[{"name":"wp","href":"https:\/\/api.w.org\/{rel}","templated":true}]}}